{"id":11659,"date":"2023-03-28T14:02:33","date_gmt":"2023-03-28T17:02:33","guid":{"rendered":"http:\/\/sefaz.acre.gov.br:80\/2021\/?p=11659"},"modified":"2024-05-23T10:19:40","modified_gmt":"2024-05-23T13:19:40","slug":"portaria-sefaz-no-377-de-28-de-marco-de-2023","status":"publish","type":"post","link":"https:\/\/sefaz.ac.gov.br\/2021\/?p=11659","title":{"rendered":"PORTARIA SEFAZ N\u00ba 377, DE 28 DE MAR\u00c7O DE 2023"},"content":{"rendered":"\n<p class=\"wp-block-paragraph\">O SECRET\u00c1RIO DE ESTADO DA FAZENDA, EM EXERC\u00cdCIO, no uso de suas atribui\u00e7\u00f5es constitucionais e legais que lhe confere o Decreto n\u00ba 2.423-P, de 13 de mar\u00e7o de 2023, publicado no Di\u00e1rio Oficial n\u00ba 13.490, de 13 de mar\u00e7o de 2023; e<\/p>\n\n\n\n<p class=\"wp-block-paragraph\">CONSIDERANDO o art. 65, II, do Decreto n\u00ba 183, de 6 de outubro de 1975, que aprovou o Regimento Interno da Secretaria de Estado da Fazenda;<\/p>\n\n\n\n<p class=\"wp-block-paragraph\">CONSIDERANDO o Ajuste SINIEF 2, de 3 de abril de 2009;<\/p>\n\n\n\n<p class=\"wp-block-paragraph\">CONSIDERANDO o Ato COTEPE\/ICMS 44, de 07 de agosto de 2018;<\/p>\n\n\n\n<p class=\"wp-block-paragraph\">CONSIDERANDO o Guia Pr\u00e1tico da Escritura\u00e7\u00e3o Fiscal Digital EFD\/ICMS\/IPI, vers\u00e3o 3.1.2;<\/p>\n\n\n\n<p class=\"wp-block-paragraph\">CONSIDERANDO ao Despacho n\u00ba 411\/2023\/SEFAZ &#8211; GSARE (SEI 6496819) exarado pela Secretaria Adjunta da Receita Estadual &#8211; SARE; e<\/p>\n\n\n\n<p class=\"wp-block-paragraph\">CONSIDERANDO o constante dos autos do processo n\u00ba 0715.012506.00012\/ 2023-15.<\/p>\n\n\n\n<p class=\"wp-block-paragraph\"><strong>RESOLVE:<\/strong><\/p>\n\n\n\n<p class=\"wp-block-paragraph\">Art. 1\u00ba O artigo 3\u00ba da Portaria n\u00ba 565, de 29 de novembro de 2016, passa a vigorar com a seguinte reda\u00e7\u00e3o:<\/p>\n\n\n\n<blockquote class=\"wp-block-quote is-layout-flow wp-block-quote-is-layout-flow\">\n<p class=\"wp-block-paragraph\">\u201cArt.3\u00ba&#8230;<\/p>\n\n\n\n<p class=\"wp-block-paragraph\">&#8230;<\/p>\n\n\n\n<p class=\"wp-block-paragraph\">VI &#8211; Registro 1601 &#8211; Registro Total das Opera\u00e7\u00f5es com Instrumentos de Pagamentos Eletr\u00f4nicos &#8211; destina-se a identificar o valor total das opera\u00e7\u00f5es realizadas pelo declarante por meio de instrumentos de pagamentos eletr\u00f4nicos, discriminado por institui\u00e7\u00e3o financeira e de pagamento, integrante ou n\u00e3o do Sistema de Pagamentos Brasileiro &#8211; SPB;\u201d (NR)<\/p>\n<\/blockquote>\n\n\n\n<p class=\"wp-block-paragraph\">Art. 2\u00ba Esta Portaria entra em vigor na data de sua publica\u00e7\u00e3o.<\/p>\n\n\n\n<p class=\"wp-block-paragraph\">Rio Branco-Acre, 28 de mar\u00e7o de 2023.<\/p>\n","protected":false},"excerpt":{"rendered":"<p>Altera a Portaria n\u00ba 565, de 29 de novembro de 2016.<\/p>\n","protected":false},"author":5,"featured_media":0,"comment_status":"closed","ping_status":"closed","sticky":false,"template":"","format":"standard","meta":{"_acf_changed":false,"footnotes":""},"categories":[3,33],"tags":[],"class_list":["post-11659","post","type-post","status-publish","format-standard","hentry","category-legislacao","category-portarias"],"acf":[],"_links":{"self":[{"href":"https:\/\/sefaz.ac.gov.br\/2021\/index.php?rest_route=\/wp\/v2\/posts\/11659","targetHints":{"allow":["GET"]}}],"collection":[{"href":"https:\/\/sefaz.ac.gov.br\/2021\/index.php?rest_route=\/wp\/v2\/posts"}],"about":[{"href":"https:\/\/sefaz.ac.gov.br\/2021\/index.php?rest_route=\/wp\/v2\/types\/post"}],"author":[{"embeddable":true,"href":"https:\/\/sefaz.ac.gov.br\/2021\/index.php?rest_route=\/wp\/v2\/users\/5"}],"replies":[{"embeddable":true,"href":"https:\/\/sefaz.ac.gov.br\/2021\/index.php?rest_route=%2Fwp%2Fv2%2Fcomments&post=11659"}],"version-history":[{"count":0,"href":"https:\/\/sefaz.ac.gov.br\/2021\/index.php?rest_route=\/wp\/v2\/posts\/11659\/revisions"}],"wp:attachment":[{"href":"https:\/\/sefaz.ac.gov.br\/2021\/index.php?rest_route=%2Fwp%2Fv2%2Fmedia&parent=11659"}],"wp:term":[{"taxonomy":"category","embeddable":true,"href":"https:\/\/sefaz.ac.gov.br\/2021\/index.php?rest_route=%2Fwp%2Fv2%2Fcategories&post=11659"},{"taxonomy":"post_tag","embeddable":true,"href":"https:\/\/sefaz.ac.gov.br\/2021\/index.php?rest_route=%2Fwp%2Fv2%2Ftags&post=11659"}],"curies":[{"name":"wp","href":"https:\/\/api.w.org\/{rel}","templated":true}]}}