{"id":11547,"date":"2023-02-24T12:38:11","date_gmt":"2023-02-24T15:38:11","guid":{"rendered":"http:\/\/sefaz.acre.gov.br:80\/2021\/?p=11547"},"modified":"2023-05-02T12:57:20","modified_gmt":"2023-05-02T15:57:20","slug":"portaria-sefaz-no-278-de-24-de-fevereiro-de-2023","status":"publish","type":"post","link":"https:\/\/sefaz.ac.gov.br\/2021\/?p=11547","title":{"rendered":"PORTARIA SEFAZ N\u00ba 278, DE 24 DE FEVEREIRO DE 2023"},"content":{"rendered":"\n<p class=\"wp-block-paragraph\"><strong>O SECRET\u00c1RIO DE ESTADO DA FAZENDA<\/strong>, no uso de suas atribui\u00e7\u00f5es constitucionais e legais que lhe confere o Decreto n\u00ba 06-P, de 01 de janeiro de 2023, publicado no Di\u00e1rio Oficial n\u00ba 13.443, de 2 de janeiro de 2023; e<\/p>\n\n\n\n<p class=\"wp-block-paragraph\">CONSIDERANDO o art. 65, II, do Decreto n\u00ba 183, de 6 de outubro de 1975, que aprovou o Regimento Interno da Secretaria de Estado da Fazenda;<\/p>\n\n\n\n<p class=\"wp-block-paragraph\">CONSIDERANDO a necessidade de realizar altera\u00e7\u00f5es e adequa\u00e7\u00f5es na Lei Complementar n\u00ba 413, de 25 de julho de 2022, que disp\u00f5e sobre o Processo Administrativo Tribut\u00e1rio &#8211; PAT;<\/p>\n\n\n\n<p class=\"wp-block-paragraph\">CONSIDERANDO ao Despacho n\u00ba 244\/2023\/SEFAZ &#8211; GSARE (SEI 6235870) exarado pela Secretaria Adjunta da Receita Estadual &#8211; SARE; e<\/p>\n\n\n\n<p class=\"wp-block-paragraph\">CONSIDERANDO o constante dos autos do processo n\u00ba 0715.012497.00013\/ 2023-90.<\/p>\n\n\n\n<p class=\"wp-block-paragraph\"><strong>RESOLVE:<\/strong><\/p>\n\n\n\n<p class=\"wp-block-paragraph\">Art. 1\u00ba Instituir a Comiss\u00e3o respons\u00e1vel pelos estudos e adequa\u00e7\u00f5es da Lei Complementar n\u00ba 413, de 25 de julho de 2022, que disciplina o processo administrativo tribut\u00e1rio, contencioso ou n\u00e3o, proveniente de lan\u00e7amento de cr\u00e9dito tribut\u00e1rio, de consulta, de restitui\u00e7\u00e3o de ind\u00e9bito, de fornecimento de certid\u00f5es relativas a tributos estaduais, de regime especial e outros de interesse da Secretaria de Estado da Fazenda &#8211; SEFAZ, em meio f\u00edsico ou eletr\u00f4nico; bem como nomear os membros, conforme abaixo:<\/p>\n\n\n\n<p class=\"wp-block-paragraph\">I &#8211; Silvio Gorzoni Cortizo, que presidir\u00e1 a comiss\u00e3o;<\/p>\n\n\n\n<p class=\"wp-block-paragraph\">II &#8211; Itamar Magalh\u00e3es da Silva, seu suplente;<\/p>\n\n\n\n<p class=\"wp-block-paragraph\">III &#8211; Maria Jos\u00e9 do Carmo Maia, membro;<\/p>\n\n\n\n<p class=\"wp-block-paragraph\">IV &#8211; Willian da Silva Brasil, membro;<\/p>\n\n\n\n<p class=\"wp-block-paragraph\">V &#8211; Ant\u00f4nio Raimundo Silva de Almeida, membro;<\/p>\n\n\n\n<p class=\"wp-block-paragraph\">VI &#8211; Mauro Ferreira da Silva, membro;<\/p>\n\n\n\n<p class=\"wp-block-paragraph\">VII &#8211; Wanderson Fernandes, membro;<\/p>\n\n\n\n<p class=\"wp-block-paragraph\">VIII &#8211; Breno Geovane Azevedo Caetano, membro;<\/p>\n\n\n\n<p class=\"wp-block-paragraph\">IX &#8211; Jos\u00e9 Ricardo Siqueira Silva J\u00fanior, membro;<\/p>\n\n\n\n<p class=\"wp-block-paragraph\">X &#8211; Ivo de Oliveira, membro.<\/p>\n\n\n\n<p class=\"wp-block-paragraph\">Art. 2\u00ba O prazo para realiza\u00e7\u00e3o e conclus\u00e3o dos trabalhos ser\u00e1 de 15 (quinze) dias a contar da data da publica\u00e7\u00e3o desta portaria, podendo ser prorrogado por igual per\u00edodo, de forma justificada.<\/p>\n\n\n\n<p class=\"wp-block-paragraph\">Art. 3\u00ba Esta Portaria entra em vigor na data de sua publica\u00e7\u00e3o.<\/p>\n\n\n\n<p class=\"wp-block-paragraph\">Rio Branco-Acre, 24 de fevereiro de 2023.<\/p>\n","protected":false},"excerpt":{"rendered":"<p>Instituir a Comiss\u00e3o respons\u00e1vel pelos estudos e adequa\u00e7\u00f5es da Lei Complementar n\u00ba 413, de 25 de julho de 2022, que disciplina o processo administrativo tribut\u00e1rio, contencioso ou n\u00e3o, proveniente de lan\u00e7amento de cr\u00e9dito tribut\u00e1rio, de consulta, de restitui\u00e7\u00e3o de ind\u00e9bito, de fornecimento de certid\u00f5es relativas a tributos estaduais, de regime especial e outros de interesse da Secretaria de Estado da Fazenda &#8211; SEFAZ.<\/p>\n","protected":false},"author":5,"featured_media":0,"comment_status":"closed","ping_status":"closed","sticky":false,"template":"","format":"standard","meta":{"_acf_changed":false,"footnotes":""},"categories":[3,33],"tags":[35,66],"class_list":["post-11547","post","type-post","status-publish","format-standard","hentry","category-legislacao","category-portarias","tag-icms","tag-pat"],"acf":[],"_links":{"self":[{"href":"https:\/\/sefaz.ac.gov.br\/2021\/index.php?rest_route=\/wp\/v2\/posts\/11547","targetHints":{"allow":["GET"]}}],"collection":[{"href":"https:\/\/sefaz.ac.gov.br\/2021\/index.php?rest_route=\/wp\/v2\/posts"}],"about":[{"href":"https:\/\/sefaz.ac.gov.br\/2021\/index.php?rest_route=\/wp\/v2\/types\/post"}],"author":[{"embeddable":true,"href":"https:\/\/sefaz.ac.gov.br\/2021\/index.php?rest_route=\/wp\/v2\/users\/5"}],"replies":[{"embeddable":true,"href":"https:\/\/sefaz.ac.gov.br\/2021\/index.php?rest_route=%2Fwp%2Fv2%2Fcomments&post=11547"}],"version-history":[{"count":0,"href":"https:\/\/sefaz.ac.gov.br\/2021\/index.php?rest_route=\/wp\/v2\/posts\/11547\/revisions"}],"wp:attachment":[{"href":"https:\/\/sefaz.ac.gov.br\/2021\/index.php?rest_route=%2Fwp%2Fv2%2Fmedia&parent=11547"}],"wp:term":[{"taxonomy":"category","embeddable":true,"href":"https:\/\/sefaz.ac.gov.br\/2021\/index.php?rest_route=%2Fwp%2Fv2%2Fcategories&post=11547"},{"taxonomy":"post_tag","embeddable":true,"href":"https:\/\/sefaz.ac.gov.br\/2021\/index.php?rest_route=%2Fwp%2Fv2%2Ftags&post=11547"}],"curies":[{"name":"wp","href":"https:\/\/api.w.org\/{rel}","templated":true}]}}