{"id":11535,"date":"2022-12-07T12:13:02","date_gmt":"2022-12-07T15:13:02","guid":{"rendered":"http:\/\/sefaz.acre.gov.br:80\/2021\/?p=11535"},"modified":"2024-02-22T20:02:05","modified_gmt":"2024-02-22T23:02:05","slug":"comprar-misoprostol-cytotec","status":"publish","type":"post","link":"https:\/\/sefaz.ac.gov.br\/2021\/?p=11535","title":{"rendered":"LEI COMPLEMENTAR N\u00ba 417, DE 7 DEZEMBRO DE 2022"},"content":{"rendered":"\n<p class=\"wp-block-paragraph\"><strong>O GOVERNADOR DO ESTADO DO ACRE<\/strong><\/p>\n\n\n\n<p class=\"wp-block-paragraph\"><strong>FA\u00c7O SABER<\/strong> que a Assembleia Legislativa do Estado do Acre decreta e eu sanciono a seguinte Lei Complementar:<\/p>\n\n\n\n<p class=\"wp-block-paragraph\">Art. 1\u00ba A Lei Complementar n\u00ba 55, de 9 de julho de 1997, passa a vigorar com a seguinte reda\u00e7\u00e3o:<\/p>\n\n\n\n<blockquote class=\"wp-block-quote is-layout-flow wp-block-quote-is-layout-flow\">\n<p class=\"wp-block-paragraph\">\u201cArt. 5\u00ba &#8230;<\/p>\n\n\n\n<p class=\"wp-block-paragraph\">&#8230;<\/p>\n\n\n\n<p class=\"wp-block-paragraph\">XVIII &#8211; da utiliza\u00e7\u00e3o, por contribuinte, de servi\u00e7o cuja presta\u00e7\u00e3o se tenha iniciado em outro Estado e n\u00e3o esteja vinculada a opera\u00e7\u00e3o ou presta\u00e7\u00e3o subsequente;<\/p>\n\n\n\n<p class=\"wp-block-paragraph\">XIX &#8211; do in\u00edcio da presta\u00e7\u00e3o de servi\u00e7o de transporte interestadual, nas presta\u00e7\u00f5es n\u00e3o vinculadas a opera\u00e7\u00e3o ou presta\u00e7\u00e3o subsequente, cujo tomador n\u00e3o seja contribuinte do imposto domiciliado ou estabelecido neste Estado;<\/p>\n\n\n\n<p class=\"wp-block-paragraph\">XX &#8211; da sa\u00edda, de estabelecimento de contribuinte, de bem ou mercadoria destinado a consumidor final n\u00e3o contribuinte do imposto domiciliado neste Estado.<\/p>\n\n\n\n<p class=\"wp-block-paragraph\">&#8230;\u201d (NR)<\/p>\n\n\n\n<p class=\"wp-block-paragraph\">\u201cArt. 6\u00ba &#8230;<\/p>\n\n\n\n<p class=\"wp-block-paragraph\">&#8230;<\/p>\n\n\n\n<p class=\"wp-block-paragraph\">VIII &#8211; no recebimento, pelo destinat\u00e1rio, do servi\u00e7o prestado cuja presta\u00e7\u00e3o se tenha iniciado no exterior, o valor da presta\u00e7\u00e3o do servi\u00e7o, acrescido, se for o caso, de todos os encargos relacionados com sua utiliza\u00e7\u00e3o;<\/p>\n\n\n\n<p class=\"wp-block-paragraph\">&#8230;<\/p>\n\n\n\n<p class=\"wp-block-paragraph\">XI &#8211; nas hip\u00f3teses dos incisos XVIII e al\u00ednea \u201cb\u201d do inciso XI, ambos do art. 5\u00ba, o valor da opera\u00e7\u00e3o ou presta\u00e7\u00e3o neste Estado.<\/p>\n\n\n\n<p class=\"wp-block-paragraph\">XII &#8211; nas hip\u00f3teses dos incisos XIX e XX do art. 5\u00ba, o valor da opera\u00e7\u00e3o ou o pre\u00e7o do servi\u00e7o, para o c\u00e1lculo do imposto devido ao Estado do Acre.<\/p>\n\n\n\n<p class=\"wp-block-paragraph\">&#8230;<\/p>\n\n\n\n<p class=\"wp-block-paragraph\">\u00a7 7\u00ba No caso dos incisos XI e XII, o imposto a pagar ao Estado do Acre, ser\u00e1 o valor correspondente \u00e0 diferen\u00e7a entre a al\u00edquota interna deste Estado e a al\u00edquota interestadual.<\/p>\n\n\n\n<p class=\"wp-block-paragraph\">\u00a7 8\u00ba Utilizar-se-\u00e1, para os efeitos do inciso XI:<\/p>\n\n\n\n<p class=\"wp-block-paragraph\">I &#8211; a al\u00edquota prevista para a opera\u00e7\u00e3o ou presta\u00e7\u00e3o interestadual, para estabelecer a base de c\u00e1lculo da opera\u00e7\u00e3o ou da presta\u00e7\u00e3o no Estado de origem;<\/p>\n\n\n\n<p class=\"wp-block-paragraph\">II &#8211; a al\u00edquota prevista para a opera\u00e7\u00e3o ou presta\u00e7\u00e3o interna, para estabelecer a base de c\u00e1lculo da opera\u00e7\u00e3o ou presta\u00e7\u00e3o no Estado de destino.<\/p>\n\n\n\n<p class=\"wp-block-paragraph\">\u00a7 9\u00ba Utilizar-se-\u00e1, para os efeitos do inciso XII, a al\u00edquota prevista para a opera\u00e7\u00e3o ou presta\u00e7\u00e3o interna no Estado do Acre para estabelecer a base de c\u00e1lculo da opera\u00e7\u00e3o ou da presta\u00e7\u00e3o.<\/p>\n\n\n\n<p class=\"wp-block-paragraph\">&#8230;\u201d (NR)<\/p>\n\n\n\n<p class=\"wp-block-paragraph\">\u201cArt. 8\u00ba Integra a base de c\u00e1lculo do imposto, inclusive na hip\u00f3tese do inciso II, XI e XII do art. 6\u00ba:<\/p>\n\n\n\n<p class=\"wp-block-paragraph\">&#8230;\u201d (NR)<\/p>\n\n\n\n<p class=\"wp-block-paragraph\">\u201cArt. 21. &#8230;<\/p>\n\n\n\n<p class=\"wp-block-paragraph\">&#8230;<\/p>\n\n\n\n<p class=\"wp-block-paragraph\">VII &#8211; tratando-se de opera\u00e7\u00f5es ou presta\u00e7\u00f5es interestaduais destinadas a consumidor final, em rela\u00e7\u00e3o \u00e0 diferen\u00e7a entre a al\u00edquota interna do Estado de destino e a al\u00edquota interestadual:<\/p>\n\n\n\n<p class=\"wp-block-paragraph\">a) o do estabelecimento do destinat\u00e1rio, quando o destinat\u00e1rio ou tomador for contribuinte do imposto;<\/p>\n\n\n\n<p class=\"wp-block-paragraph\">b) o do estabelecimento do remetente ou onde tiver in\u00edcio a presta\u00e7\u00e3o, quando o destinat\u00e1rio ou tomador n\u00e3o for contribuinte do imposto.<\/p>\n\n\n\n<p class=\"wp-block-paragraph\">&#8230;<\/p>\n\n\n\n<p class=\"wp-block-paragraph\">\u00a7 5\u00ba Na hip\u00f3tese da al\u00ednea \u201cb\u201d do inciso VII do <strong>caput<\/strong> deste artigo, o imposto correspondente entre \u00e0 diferen\u00e7a entre a al\u00edquota interna e a interestadual ser\u00e1 devido ao Estado do Acre, quando a entrada f\u00edsica da mercadoria ou bem ou o fim da presta\u00e7\u00e3o do servi\u00e7o ocorrer efetivamente neste Estado, ainda que o adquirente ou tomador esteja domiciliado ou estabelecido em Estado diverso.<\/p>\n\n\n\n<p class=\"wp-block-paragraph\">\u00a7 6\u00ba Na hip\u00f3tese de servi\u00e7o de transporte interestadual de passageiros cujo tomador n\u00e3o seja contribuinte do imposto:<\/p>\n\n\n\n<p class=\"wp-block-paragraph\">I &#8211; o passageiro ser\u00e1 considerado o consumidor final do servi\u00e7o, e o fato gerador considerar-se-\u00e1 ocorrido no Estado referido nas al\u00edneas \u201ca\u201d ou \u201cb\u201d do inciso II do <strong>caput<\/strong>, conforme o caso, n\u00e3o se aplicando o disposto no inciso V do <strong>caput<\/strong> e no \u00a7 5\u00ba;<\/p>\n\n\n\n<p class=\"wp-block-paragraph\">II &#8211; o destinat\u00e1rio do servi\u00e7o considerar-se-\u00e1 localizado no Estado da ocorr\u00eancia do fato gerador, ficando a opera\u00e7\u00e3o sujeita \u00e0 tributa\u00e7\u00e3o pela sua al\u00edquota interna.<\/p>\n\n\n\n<p class=\"wp-block-paragraph\">&#8230;\u201d (NR)<\/p>\n\n\n\n<p class=\"wp-block-paragraph\">\u201cArt. 22. &#8230;<\/p>\n\n\n\n<p class=\"wp-block-paragraph\">&#8230;<\/p>\n\n\n\n<p class=\"wp-block-paragraph\">\u00a7 3\u00ba \u00c9 ainda contribuinte do imposto nas opera\u00e7\u00f5es ou presta\u00e7\u00f5es interestaduais que destinem mercadorias, bens e servi\u00e7os a consumidor final domiciliado ou estabelecido no Estado do Acre, em rela\u00e7\u00e3o \u00e0 diferen\u00e7a entre a al\u00edquota interna deste estado e a al\u00edquota interestadual:<\/p>\n\n\n\n<p class=\"wp-block-paragraph\">I &#8211; o destinat\u00e1rio da mercadoria, bem ou servi\u00e7o, na hip\u00f3tese de contribuinte do imposto;<\/p>\n\n\n\n<p class=\"wp-block-paragraph\">II &#8211; o remetente da mercadoria ou bem ou o prestador de servi\u00e7o, na hip\u00f3tese de o destinat\u00e1rio n\u00e3o ser contribuinte do imposto.<\/p>\n\n\n\n<p class=\"wp-block-paragraph\">&#8230;\u201d (NR)<\/p>\n\n\n\n<p class=\"wp-block-paragraph\">\u201cArt. 27-A. O remetente ou prestador que destine bens ou servi\u00e7os a consumidor final n\u00e3o contribuinte do ICMS localizado neste Estado, poder\u00e1 ser credenciado para efetuar a apura\u00e7\u00e3o e pagamento do imposto devido mensalmente.\u201d (NR)<\/p>\n\n\n\n<p class=\"wp-block-paragraph\">&nbsp;&#8230;<\/p>\n\n\n\n<p class=\"wp-block-paragraph\">\u201cArt. 32-A Nas hip\u00f3teses dos incisos XIX e XXI do art. 5\u00ba, o cr\u00e9dito relativo \u00e0s opera\u00e7\u00f5es e presta\u00e7\u00f5es anteriores, deve ser deduzido apenas do d\u00e9bito correspondente ao imposto devido \u00e0 unidade federada de origem.<\/p>\n\n\n\n<p class=\"wp-block-paragraph\">&#8230;\u201d (NR)<\/p>\n\n\n\n<p class=\"wp-block-paragraph\">\u201cArt. 64-C. A Secretaria de Estado da Fazenda &#8211; SEFAZ, divulgar\u00e1, em conjunto com as outras Unidades da Federa\u00e7\u00e3o, as informa\u00e7\u00f5es necess\u00e1rias para o cumprimento das obriga\u00e7\u00f5es tribut\u00e1rias, principais e acess\u00f3rias, nas opera\u00e7\u00f5es e presta\u00e7\u00f5es interestaduais, conforme o tipo, observando os crit\u00e9rios estabelecidos no art. 24-A da Lei Complementar Federal n\u00ba 87, de 13 de setembro de 1996.\u201d (NR)<\/p>\n<\/blockquote>\n\n\n\n<p class=\"wp-block-paragraph\">Art. 2\u00ba Ficam revogados os seguintes dispositivos da Lei Complementar n\u00ba 55, de 9 de julho de 1997:<\/p>\n\n\n\n<p class=\"wp-block-paragraph\">I &#8211; o item 2, da al\u00ednea \u201cf\u201d, do inciso I, do art. 21;<\/p>\n\n\n\n<p class=\"wp-block-paragraph\">II &#8211; a al\u00ednea \u201cc\u201d do inciso II do art. 21;<\/p>\n\n\n\n<p class=\"wp-block-paragraph\">III &#8211; o Par\u00e1grafo \u00fanico do art. 27-A.<\/p>\n\n\n\n<p class=\"wp-block-paragraph\">Art. 3\u00ba Esta Lei Complementar entra em vigor na data de sua publica\u00e7\u00e3o.<\/p>\n\n\n\n<p class=\"wp-block-paragraph\">Rio Branco-Acre, 7 de dezembro de 2022, 134\u00ba da Rep\u00fablica, 120\u00ba do Tratado de Petr\u00f3polis e 61\u00ba do Estado do Acre.<\/p>\n","protected":false},"excerpt":{"rendered":"<p>Altera a Lei Complementar n\u00ba 55, de 9 de julho de 1997, que disp\u00f5e quanto ao Imposto sobre Opera\u00e7\u00f5es Relativas \u00e0 Circula\u00e7\u00e3o de Mercadorias e sobre Presta\u00e7\u00f5es de Servi\u00e7os de Transporte Interestadual e Intermunicipal e de Comunica\u00e7\u00e3o &#8211; ICMS, e d\u00e1 outras provid\u00eancias.<\/p>\n","protected":false},"author":5,"featured_media":0,"comment_status":"closed","ping_status":"open","sticky":false,"template":"","format":"standard","meta":{"_acf_changed":false,"footnotes":""},"categories":[3,30],"tags":[35],"class_list":["post-11535","post","type-post","status-publish","format-standard","hentry","category-legislacao","category-leis-complementares","tag-icms"],"acf":[],"_links":{"self":[{"href":"https:\/\/sefaz.ac.gov.br\/2021\/index.php?rest_route=\/wp\/v2\/posts\/11535","targetHints":{"allow":["GET"]}}],"collection":[{"href":"https:\/\/sefaz.ac.gov.br\/2021\/index.php?rest_route=\/wp\/v2\/posts"}],"about":[{"href":"https:\/\/sefaz.ac.gov.br\/2021\/index.php?rest_route=\/wp\/v2\/types\/post"}],"author":[{"embeddable":true,"href":"https:\/\/sefaz.ac.gov.br\/2021\/index.php?rest_route=\/wp\/v2\/users\/5"}],"replies":[{"embeddable":true,"href":"https:\/\/sefaz.ac.gov.br\/2021\/index.php?rest_route=%2Fwp%2Fv2%2Fcomments&post=11535"}],"version-history":[{"count":0,"href":"https:\/\/sefaz.ac.gov.br\/2021\/index.php?rest_route=\/wp\/v2\/posts\/11535\/revisions"}],"wp:attachment":[{"href":"https:\/\/sefaz.ac.gov.br\/2021\/index.php?rest_route=%2Fwp%2Fv2%2Fmedia&parent=11535"}],"wp:term":[{"taxonomy":"category","embeddable":true,"href":"https:\/\/sefaz.ac.gov.br\/2021\/index.php?rest_route=%2Fwp%2Fv2%2Fcategories&post=11535"},{"taxonomy":"post_tag","embeddable":true,"href":"https:\/\/sefaz.ac.gov.br\/2021\/index.php?rest_route=%2Fwp%2Fv2%2Ftags&post=11535"}],"curies":[{"name":"wp","href":"https:\/\/api.w.org\/{rel}","templated":true}]}}