{"id":11479,"date":"2022-12-26T13:45:43","date_gmt":"2022-12-26T16:45:43","guid":{"rendered":"http:\/\/sefaz.acre.gov.br:80\/2021\/?p=11479"},"modified":"2023-04-20T10:46:46","modified_gmt":"2023-04-20T13:46:46","slug":"lei-complementar-no-422-de-26-de-dezembro-de-2022","status":"publish","type":"post","link":"https:\/\/sefaz.ac.gov.br\/2021\/?p=11479","title":{"rendered":"LEI COMPLEMENTAR N\u00ba 422, DE 26 DE DEZEMBRO DE 2022"},"content":{"rendered":"\n<p class=\"wp-block-paragraph\"><strong>O GOVERNADOR DO ESTADO DO ACRE<\/strong><\/p>\n\n\n\n<p class=\"wp-block-paragraph\"><strong>FA\u00c7O SABER<\/strong> que a Assembleia Legislativa do Estado do Acre decreta e eu sanciono a seguinte Lei Complementar:<\/p>\n\n\n\n<p class=\"wp-block-paragraph\">Art. 1\u00ba A Lei Complementar n\u00ba 55, de 9 de julho de 1997, passa a vigorar com a seguinte reda\u00e7\u00e3o:<\/p>\n\n\n\n<blockquote class=\"wp-block-quote is-layout-flow wp-block-quote-is-layout-flow\">\n<p class=\"wp-block-paragraph\">\u201cArt. 18. As al\u00edquotas do imposto s\u00e3o:<\/p>\n\n\n\n<p class=\"wp-block-paragraph\">I &#8211; dezenove por cento nas opera\u00e7\u00f5es e presta\u00e7\u00f5es internas com mercadorias e presta\u00e7\u00e3o de servi\u00e7os, ressalvadas as hip\u00f3teses de al\u00edquota espec\u00edfica;<\/p>\n\n\n\n<p class=\"wp-block-paragraph\">II &#8211; doze por cento:<\/p>\n\n\n\n<p class=\"wp-block-paragraph\">a) nas opera\u00e7\u00f5es e presta\u00e7\u00f5es interestaduais, ressalvado o disposto nos \u00a7\u00a7 1\u00ba, 2\u00ba e 3\u00ba;<\/p>\n\n\n\n<p class=\"wp-block-paragraph\">b) nas presta\u00e7\u00f5es de servi\u00e7os de comunica\u00e7\u00e3o destinadas a empreendimentos enquadrados no programa de fomento \u00e0s empresas prestadoras de servi\u00e7os de <strong>telemarketing<\/strong> e <strong>call center<\/strong>.<\/p>\n\n\n\n<p class=\"wp-block-paragraph\">III &#8211; vinte e cinco por cento nas opera\u00e7\u00f5es e nas presta\u00e7\u00f5es internas, para:<\/p>\n\n\n\n<p class=\"wp-block-paragraph\">&#8230;<\/p>\n\n\n\n<p class=\"wp-block-paragraph\">3) joias, semijoias, bijuterias, perfumes e cosm\u00e9ticos, exceto antiperspirantes, condicionadores e xampus para cabelo e sabonetes;<\/p>\n\n\n\n<p class=\"wp-block-paragraph\">&#8230;.<\/p>\n\n\n\n<p class=\"wp-block-paragraph\">5) cervejas sem \u00e1lcool, refrigerantes, \u00e1guas minerais, exceto \u00e1gua mineral em embalagem retorn\u00e1vel com capacidade igual ou superior a dez litros;<\/p>\n\n\n\n<p class=\"wp-block-paragraph\">&#8230;<\/p>\n\n\n\n<p class=\"wp-block-paragraph\">VII &#8211; vinte e sete por cento nas opera\u00e7\u00f5es internas com cervejas e chopes, exceto cerveja sem \u00e1lcool;<\/p>\n\n\n\n<p class=\"wp-block-paragraph\">VIII &#8211; trinta por cento nas opera\u00e7\u00f5es internas com fumos e seus derivados;<\/p>\n\n\n\n<p class=\"wp-block-paragraph\">IX &#8211; trinta e tr\u00eas por cento nas opera\u00e7\u00f5es internas com bebidas alco\u00f3licas, exceto cervejas e chopes;<\/p>\n\n\n\n<p class=\"wp-block-paragraph\">X &#8211; dezessete por cento nas opera\u00e7\u00f5es internas com produtos da cesta b\u00e1sica, observado o disposto no \u00a7 4\u00ba.<\/p>\n\n\n\n<p class=\"wp-block-paragraph\">&#8230;<\/p>\n\n\n\n<p class=\"wp-block-paragraph\">\u00a7 4\u00ba Os itens que comp\u00f5em a cesta b\u00e1sica s\u00e3o os definidos no regulamento do ICMS.\u201d (NR)<\/p>\n<\/blockquote>\n\n\n\n<p class=\"wp-block-paragraph\">Art. 2\u00ba Esta Lei Complementar entra em vigor em 1\u00ba de abril de 2023.<\/p>\n\n\n\n<p class=\"wp-block-paragraph\">Art. 3\u00ba Ficam revogados os itens \u201c2\u201d, \u201c4\u201d, \u201c7\u201d e \u201c8\u201d do inciso III, as al\u00edneas \u201cb\u201d e \u201cd\u201d do inciso V e o inciso VI, todos do art. 18 da Lei Complementar n\u00ba 55, de 9 de julho de 1997.<\/p>\n\n\n\n<p class=\"wp-block-paragraph\">Rio Branco-Acre, 26 de dezembro de 2022, 134\u00ba da Rep\u00fablica, 120\u00ba do Tratado de Petr\u00f3polis e 61\u00ba do Estado do Acre.<\/p>\n","protected":false},"excerpt":{"rendered":"<p>Altera a Lei Complementar n\u00ba 55, de 9 de julho de 1997, que disp\u00f5e quanto ao Imposto sobre Opera\u00e7\u00f5es Relativas \u00e0 Circula\u00e7\u00e3o de Mercadorias e sobre Presta\u00e7\u00f5es de Servi\u00e7os de Transporte Interestadual e Intermunicipal e de Comunica\u00e7\u00e3o &#8211; ICMS e d\u00e1 outras provid\u00eancias.<\/p>\n","protected":false},"author":5,"featured_media":0,"comment_status":"closed","ping_status":"closed","sticky":false,"template":"","format":"standard","meta":{"_acf_changed":false,"footnotes":""},"categories":[3,30],"tags":[35],"class_list":["post-11479","post","type-post","status-publish","format-standard","hentry","category-legislacao","category-leis-complementares","tag-icms"],"acf":[],"_links":{"self":[{"href":"https:\/\/sefaz.ac.gov.br\/2021\/index.php?rest_route=\/wp\/v2\/posts\/11479","targetHints":{"allow":["GET"]}}],"collection":[{"href":"https:\/\/sefaz.ac.gov.br\/2021\/index.php?rest_route=\/wp\/v2\/posts"}],"about":[{"href":"https:\/\/sefaz.ac.gov.br\/2021\/index.php?rest_route=\/wp\/v2\/types\/post"}],"author":[{"embeddable":true,"href":"https:\/\/sefaz.ac.gov.br\/2021\/index.php?rest_route=\/wp\/v2\/users\/5"}],"replies":[{"embeddable":true,"href":"https:\/\/sefaz.ac.gov.br\/2021\/index.php?rest_route=%2Fwp%2Fv2%2Fcomments&post=11479"}],"version-history":[{"count":0,"href":"https:\/\/sefaz.ac.gov.br\/2021\/index.php?rest_route=\/wp\/v2\/posts\/11479\/revisions"}],"wp:attachment":[{"href":"https:\/\/sefaz.ac.gov.br\/2021\/index.php?rest_route=%2Fwp%2Fv2%2Fmedia&parent=11479"}],"wp:term":[{"taxonomy":"category","embeddable":true,"href":"https:\/\/sefaz.ac.gov.br\/2021\/index.php?rest_route=%2Fwp%2Fv2%2Fcategories&post=11479"},{"taxonomy":"post_tag","embeddable":true,"href":"https:\/\/sefaz.ac.gov.br\/2021\/index.php?rest_route=%2Fwp%2Fv2%2Ftags&post=11479"}],"curies":[{"name":"wp","href":"https:\/\/api.w.org\/{rel}","templated":true}]}}