{"id":11465,"date":"2022-12-15T09:51:54","date_gmt":"2022-12-15T12:51:54","guid":{"rendered":"http:\/\/sefaz.acre.gov.br:80\/2021\/?p=11465"},"modified":"2026-04-01T12:15:05","modified_gmt":"2026-04-01T15:15:05","slug":"lei-no-4-056-de-15-de-dezembro-de-2022","status":"publish","type":"post","link":"https:\/\/sefaz.ac.gov.br\/2021\/?p=11465","title":{"rendered":"LEI N\u00ba 4.056, DE 15 DE DEZEMBRO DE 2022"},"content":{"rendered":"\r\n<p class=\"wp-block-paragraph\"><strong>O GOVERNADOR DO ESTADO DO ACRE<\/strong><\/p>\r\n\r\n\r\n\r\n<p class=\"wp-block-paragraph\"><strong>FA\u00c7O SABER<\/strong> que a Assembleia Legislativa do Estado do Acre decreta e eu sanciono a seguinte Lei:<\/p>\r\n\r\n\r\n\r\n<p class=\"wp-block-paragraph\">Art. 1\u00ba A <a href=\"https:\/\/sefaz.ac.gov.br\/2021\/?p=18138\" target=\"_blank\" rel=\"noreferrer noopener\">Lei n\u00ba 3.976, de 15 de setembro de 2022<\/a>, passa a vigorar com a seguinte reda\u00e7\u00e3o:<\/p>\r\n\r\n\r\n\r\n<blockquote class=\"wp-block-quote is-layout-flow wp-block-quote-is-layout-flow\">\r\n<p class=\"wp-block-paragraph\">\u201cArt. 3\u00b0 &#8230;<\/p>\r\n\r\n\r\n\r\n<p class=\"wp-block-paragraph\">Par\u00e1grafo \u00fanico. Para apura\u00e7\u00e3o do \u00cdndice de Participa\u00e7\u00e3o do Munic\u00edpio &#8211; IPM\/ICMS a ser aplicado no exerc\u00edcio de 2023, n\u00e3o ser\u00e3o considerados os efeitos desta lei.\u201d (NR)<\/p>\r\n<\/blockquote>\r\n\r\n\r\n\r\n<p class=\"wp-block-paragraph\">Art. 2\u00ba Esta Lei entra em vigor na data de sua publica\u00e7\u00e3o. Rio Branco-Acre, 15 de dezembro de 2022, 134\u00ba da Rep\u00fablica, 120\u00ba do Tratado de Petr\u00f3polis e 61\u00ba do Estado do Acre.<\/p>\r\n","protected":false},"excerpt":{"rendered":"<p>Altera dispositivo da Lei n\u00ba 3.976, de 15 de setembro de 2022, que altera a Lei n\u00ba 3.532, de 30 de outubro de 2019, que disp\u00f5e sobre os crit\u00e9rios de distribui\u00e7\u00e3o do Imposto sobre Opera\u00e7\u00f5es Relativas \u00e0 Circula\u00e7\u00e3o de Mercadorias e sobre Presta\u00e7\u00f5es de Servi\u00e7os de Transportes Interestadual e Intermunicipal e de Comunica\u00e7\u00e3o &#8211; ICMS, pertencente aos munic\u00edpios.<\/p>\n","protected":false},"author":5,"featured_media":0,"comment_status":"closed","ping_status":"closed","sticky":false,"template":"","format":"standard","meta":{"_acf_changed":false,"footnotes":""},"categories":[3,31],"tags":[55,35,67],"class_list":["post-11465","post","type-post","status-publish","format-standard","hentry","category-legislacao","category-leis-ordinarias","tag-codip","tag-icms","tag-ipm"],"acf":[],"_links":{"self":[{"href":"https:\/\/sefaz.ac.gov.br\/2021\/index.php?rest_route=\/wp\/v2\/posts\/11465","targetHints":{"allow":["GET"]}}],"collection":[{"href":"https:\/\/sefaz.ac.gov.br\/2021\/index.php?rest_route=\/wp\/v2\/posts"}],"about":[{"href":"https:\/\/sefaz.ac.gov.br\/2021\/index.php?rest_route=\/wp\/v2\/types\/post"}],"author":[{"embeddable":true,"href":"https:\/\/sefaz.ac.gov.br\/2021\/index.php?rest_route=\/wp\/v2\/users\/5"}],"replies":[{"embeddable":true,"href":"https:\/\/sefaz.ac.gov.br\/2021\/index.php?rest_route=%2Fwp%2Fv2%2Fcomments&post=11465"}],"version-history":[{"count":1,"href":"https:\/\/sefaz.ac.gov.br\/2021\/index.php?rest_route=\/wp\/v2\/posts\/11465\/revisions"}],"predecessor-version":[{"id":24070,"href":"https:\/\/sefaz.ac.gov.br\/2021\/index.php?rest_route=\/wp\/v2\/posts\/11465\/revisions\/24070"}],"wp:attachment":[{"href":"https:\/\/sefaz.ac.gov.br\/2021\/index.php?rest_route=%2Fwp%2Fv2%2Fmedia&parent=11465"}],"wp:term":[{"taxonomy":"category","embeddable":true,"href":"https:\/\/sefaz.ac.gov.br\/2021\/index.php?rest_route=%2Fwp%2Fv2%2Fcategories&post=11465"},{"taxonomy":"post_tag","embeddable":true,"href":"https:\/\/sefaz.ac.gov.br\/2021\/index.php?rest_route=%2Fwp%2Fv2%2Ftags&post=11465"}],"curies":[{"name":"wp","href":"https:\/\/api.w.org\/{rel}","templated":true}]}}