{"id":11452,"date":"2022-12-15T12:25:07","date_gmt":"2022-12-15T15:25:07","guid":{"rendered":"http:\/\/sefaz.acre.gov.br:80\/2021\/?p=11452"},"modified":"2023-05-29T11:17:55","modified_gmt":"2023-05-29T14:17:55","slug":"lei-complementar-no-418-de-15-dezembro-de-2022","status":"publish","type":"post","link":"https:\/\/sefaz.ac.gov.br\/2021\/?p=11452","title":{"rendered":"LEI COMPLEMENTAR N\u00ba 418, DE 15 DEZEMBRO DE 2022"},"content":{"rendered":"\n<p class=\"wp-block-paragraph\"><strong>O GOVERNADOR DO ESTADO DO ACRE<\/strong><\/p>\n\n\n\n<p class=\"wp-block-paragraph\"><strong>FA\u00c7O SABER<\/strong> que a Assembleia Legislativa do Estado do Acre decreta e eu sanciono a seguinte Lei Complementar:<\/p>\n\n\n\n<p class=\"wp-block-paragraph\">Art. 1\u00ba A Lei Complementar n\u00ba 413, de 25 de julho de 2022, passa a vigorar com a seguinte reda\u00e7\u00e3o:<\/p>\n\n\n\n<blockquote class=\"wp-block-quote is-layout-flow wp-block-quote-is-layout-flow\">\n<p class=\"wp-block-paragraph\">\u201cArt. 10. &#8230;<\/p>\n\n\n\n<p class=\"wp-block-paragraph\">&#8230;<\/p>\n\n\n\n<p class=\"wp-block-paragraph\">\u00a7 7\u00ba A procura\u00e7\u00e3o prevista no \u00a7 5\u00ba deste artigo, dever\u00e1 conter o nome do advogado, seu n\u00famero de inscri\u00e7\u00e3o na Ordem dos Advogados do Brasil &#8211; OAB e endere\u00e7o completo, inclusive endere\u00e7o eletr\u00f4nico.\u201d (NR)<\/p>\n\n\n\n<p class=\"wp-block-paragraph\">&nbsp;&#8230;<\/p>\n\n\n\n<p class=\"wp-block-paragraph\">\u201cArt. 25. &#8230;<\/p>\n\n\n\n<p class=\"wp-block-paragraph\">&#8230;<\/p>\n\n\n\n<p class=\"wp-block-paragraph\">II \u2013 por decis\u00e3o definitiva do Supremo Tribunal Federal &#8211; STF, em via incidental, desde que o Senado Federal ou a Assembleia Legislativa do Estado tenha suspendido a execu\u00e7\u00e3o do ato normativo;<\/p>\n\n\n\n<p class=\"wp-block-paragraph\">III &#8211; tema fundado em dispositivo legal que tenha sido declarado inconstitucional pelo Supremo Tribunal Federal &#8211; STF em sede de controle difuso e tenha tido sua execu\u00e7\u00e3o suspensa por resolu\u00e7\u00e3o do Senado Federal, ou tema sobre o qual exista enunciado de s\u00famula vinculante ou que tenha sido definido pelo STF em sentido desfavor\u00e1vel \u00e0 Fazenda Estadual em sede de controle concentrado de constitucionalidade;\u201d (NR)<\/p>\n\n\n\n<p class=\"wp-block-paragraph\">&nbsp;&#8230;<\/p>\n\n\n\n<p class=\"wp-block-paragraph\">\u201cArt. 44. &#8230;<\/p>\n\n\n\n<p class=\"wp-block-paragraph\">&#8230;<\/p>\n\n\n\n<p class=\"wp-block-paragraph\">\u00a7 5\u00ba Em qualquer caso previsto neste artigo, ser\u00e1 ressalvo ao interessado, expressamente, a possibilidade de efetuar o pagamento do cr\u00e9dito tribut\u00e1rio no prazo de trinta dias corridos, contados da intima\u00e7\u00e3o, com desconto igual ao que poderia ter usufru\u00eddo no decurso do prazo previsto para a apresenta\u00e7\u00e3o de defesa tempestiva.\u201d (NR)<\/p>\n\n\n\n<p class=\"wp-block-paragraph\">&nbsp;&#8230;<\/p>\n\n\n\n<p class=\"wp-block-paragraph\">\u201cArt. 59-A. O processo de primeira inst\u00e2ncia ser\u00e1 relatado pelo setor competente, que produzir\u00e1 relat\u00f3rio e parecer a ser submetido \u00e0 aprecia\u00e7\u00e3o do diretor de administra\u00e7\u00e3o tribut\u00e1ria.<\/p>\n\n\n\n<p class=\"wp-block-paragraph\">Par\u00e1grafo \u00fanico. Quando cab\u00edvel, o processo ser\u00e1 instru\u00eddo previamente pelos setores especializados.\u201d (NR)<\/p>\n\n\n\n<p class=\"wp-block-paragraph\">&nbsp;&#8230;<\/p>\n\n\n\n<p class=\"wp-block-paragraph\">\u201cArt. 66. &#8230;<\/p>\n\n\n\n<p class=\"wp-block-paragraph\">&#8230;<\/p>\n\n\n\n<p class=\"wp-block-paragraph\">\u00a7 2\u00ba &#8230;<\/p>\n\n\n\n<p class=\"wp-block-paragraph\">&#8230;<\/p>\n\n\n\n<p class=\"wp-block-paragraph\">VI \u2013 a decis\u00e3o que importar em simples reconhecimento de erro material ou falha na entrada de dados em sistema informatizado com provas constantes nos autos;\u201d (NR)<\/p>\n\n\n\n<p class=\"wp-block-paragraph\">&nbsp;&#8230;<\/p>\n\n\n\n<p class=\"wp-block-paragraph\">\u201cArt. 108. O contribuinte que denunciar espontaneamente o descumprimento de obriga\u00e7\u00e3o pertinente ao tributo, n\u00e3o ficar\u00e1 sujeito \u00e0s penalidades, desde que a irregularidade seja sanada de imediato ou no prazo estipulado pelo Fisco, acompanhado do pagamento do tributo, se devido, de multa de mora e demais acr\u00e9scimos legais, ou do dep\u00f3sito da import\u00e2ncia arbitrada pela autoridade administrativa, quando o montante do tributo dependa de apura\u00e7\u00e3o.\u201d (NR)<\/p>\n\n\n\n<p class=\"wp-block-paragraph\">&nbsp;&#8230;<\/p>\n\n\n\n<p class=\"wp-block-paragraph\">\u201cArt. 115. A fiscaliza\u00e7\u00e3o de tributos estaduais compete \u00e0 Secretaria de Estado da Fazenda &#8211; SEFAZ, por meio da autoridade fiscal.\u201d (NR)<\/p>\n<\/blockquote>\n\n\n\n<p class=\"wp-block-paragraph\">Art. 2\u00ba Esta Lei Complementar entra em vigor na data de sua publica\u00e7\u00e3o.<\/p>\n\n\n\n<p class=\"wp-block-paragraph\">Rio Branco-Acre, 15 de dezembro de 2022, 134\u00ba da Rep\u00fablica, 120\u00ba do Tratado de Petr\u00f3polis e 61\u00ba do Estado do Acre.<\/p>\n","protected":false},"excerpt":{"rendered":"<p>Altera a Lei Complementar n\u00ba 413, de 25 de julho de 2022, que disp\u00f5e sobre o Processo Administrativo Tribut\u00e1rio &#8211; PAT, \u00e0 Administra\u00e7\u00e3o Tribut\u00e1ria.<\/p>\n","protected":false},"author":5,"featured_media":0,"comment_status":"closed","ping_status":"closed","sticky":false,"template":"","format":"standard","meta":{"_acf_changed":false,"footnotes":""},"categories":[3,30],"tags":[35,66],"class_list":["post-11452","post","type-post","status-publish","format-standard","hentry","category-legislacao","category-leis-complementares","tag-icms","tag-pat"],"acf":[],"_links":{"self":[{"href":"https:\/\/sefaz.ac.gov.br\/2021\/index.php?rest_route=\/wp\/v2\/posts\/11452","targetHints":{"allow":["GET"]}}],"collection":[{"href":"https:\/\/sefaz.ac.gov.br\/2021\/index.php?rest_route=\/wp\/v2\/posts"}],"about":[{"href":"https:\/\/sefaz.ac.gov.br\/2021\/index.php?rest_route=\/wp\/v2\/types\/post"}],"author":[{"embeddable":true,"href":"https:\/\/sefaz.ac.gov.br\/2021\/index.php?rest_route=\/wp\/v2\/users\/5"}],"replies":[{"embeddable":true,"href":"https:\/\/sefaz.ac.gov.br\/2021\/index.php?rest_route=%2Fwp%2Fv2%2Fcomments&post=11452"}],"version-history":[{"count":0,"href":"https:\/\/sefaz.ac.gov.br\/2021\/index.php?rest_route=\/wp\/v2\/posts\/11452\/revisions"}],"wp:attachment":[{"href":"https:\/\/sefaz.ac.gov.br\/2021\/index.php?rest_route=%2Fwp%2Fv2%2Fmedia&parent=11452"}],"wp:term":[{"taxonomy":"category","embeddable":true,"href":"https:\/\/sefaz.ac.gov.br\/2021\/index.php?rest_route=%2Fwp%2Fv2%2Fcategories&post=11452"},{"taxonomy":"post_tag","embeddable":true,"href":"https:\/\/sefaz.ac.gov.br\/2021\/index.php?rest_route=%2Fwp%2Fv2%2Ftags&post=11452"}],"curies":[{"name":"wp","href":"https:\/\/api.w.org\/{rel}","templated":true}]}}