{"id":11008,"date":"2022-12-22T14:36:12","date_gmt":"2022-12-22T17:36:12","guid":{"rendered":"http:\/\/sefaz.acre.gov.br:80\/2021\/?p=11008"},"modified":"2023-05-02T12:55:32","modified_gmt":"2023-05-02T15:55:32","slug":"portaria-sefaz-no-636-de-22-de-dezembro-de-2022","status":"publish","type":"post","link":"https:\/\/sefaz.ac.gov.br\/2021\/?p=11008","title":{"rendered":"PORTARIA SEFAZ N\u00ba 636, DE 22 DE DEZEMBRO DE 2022"},"content":{"rendered":"\n<p class=\"wp-block-paragraph\"><strong>O SECRET\u00c1RIO DE ESTADO DA FAZENDA<\/strong>, no uso de suas atribui\u00e7\u00f5es constitucionais e legais que lhe confere o Decreto n\u00ba 10.491, de 12 de novembro de 2021, publicado no Di\u00e1rio Oficial n\u00ba 13.165, de 17 de novembro de 2021; e<\/p>\n\n\n\n<p class=\"wp-block-paragraph\">CONSIDERANDO o OF\u00cdCIO n\u00ba 1933\/2022\/SEPA (SEI 5744325) e o Despacho n\u00ba 1265 &#8211; GSARE (SEI 5746706) exarada pela Secretaria Adjunta da Receita Estadual;<\/p>\n\n\n\n<p class=\"wp-block-paragraph\">CONSIDERANDO o art. 65, II, do Decreto n\u00ba 183, de 6 de outubro de 1975, que aprovou o Regimento Interno da Secretaria de Estado da Fazenda;<\/p>\n\n\n\n<p class=\"wp-block-paragraph\">CONSIDERANDO o art. 519, do Regulamento do ICMS do Estado do Acre, aprovado pelo Decreto n\u00ba 008, de 26 de janeiro de 1998;<\/p>\n\n\n\n<p class=\"wp-block-paragraph\">CONSIDERANDO o Despacho n\u00ba 1286\/2022\/SEFAZ &#8211; GSARE (SEI 5798466) exarada pela Secretaria Adjunta da Receita Estadual &#8211; SARE; e<br>CONSIDERANDO o constante dos autos do processo n\u00ba 0853.012621.00238\/2022-71.<\/p>\n\n\n\n<p class=\"wp-block-paragraph\"><strong>RESOLVE:<\/strong><\/p>\n\n\n\n<p class=\"wp-block-paragraph\">Art. 1\u00ba Alterar, conforme Anexo \u00danico desta Portaria, o pre\u00e7o do Bovino constante do item II &#8211; SA\u00cdDAS, subitem 2, do Anexo \u00danico da Pauta de Pre\u00e7os estabelecida pela Portaria n\u00ba 333, de 11 de novembro de 2021, que fixa os valores m\u00ednimos da base de c\u00e1lculo do ICMS incidente sobre as opera\u00e7\u00f5es e presta\u00e7\u00f5es com mercadorias nela relacionadas.<\/p>\n\n\n\n<p class=\"wp-block-paragraph\">Art. 2\u00ba Esta Portaria entra em vigor na data da sua publica\u00e7\u00e3o.<\/p>\n\n\n\n<p class=\"wp-block-paragraph\">Rio Branco-Acre, 22 de dezembro de 2022.<\/p>\n","protected":false},"excerpt":{"rendered":"<p>Alterar, conforme Anexo \u00danico desta Portaria, o pre\u00e7o do Bovino constante do item II &#8211; SA\u00cdDAS, subitem 2, do Anexo \u00danico da Pauta de Pre\u00e7os estabelecida pela Portaria n\u00ba 333, de 11 de novembro de 2021<\/p>\n","protected":false},"author":5,"featured_media":0,"comment_status":"closed","ping_status":"closed","sticky":false,"template":"","format":"standard","meta":{"_acf_changed":false,"footnotes":""},"categories":[3,33],"tags":[35],"class_list":["post-11008","post","type-post","status-publish","format-standard","hentry","category-legislacao","category-portarias","tag-icms"],"acf":[],"_links":{"self":[{"href":"https:\/\/sefaz.ac.gov.br\/2021\/index.php?rest_route=\/wp\/v2\/posts\/11008","targetHints":{"allow":["GET"]}}],"collection":[{"href":"https:\/\/sefaz.ac.gov.br\/2021\/index.php?rest_route=\/wp\/v2\/posts"}],"about":[{"href":"https:\/\/sefaz.ac.gov.br\/2021\/index.php?rest_route=\/wp\/v2\/types\/post"}],"author":[{"embeddable":true,"href":"https:\/\/sefaz.ac.gov.br\/2021\/index.php?rest_route=\/wp\/v2\/users\/5"}],"replies":[{"embeddable":true,"href":"https:\/\/sefaz.ac.gov.br\/2021\/index.php?rest_route=%2Fwp%2Fv2%2Fcomments&post=11008"}],"version-history":[{"count":0,"href":"https:\/\/sefaz.ac.gov.br\/2021\/index.php?rest_route=\/wp\/v2\/posts\/11008\/revisions"}],"wp:attachment":[{"href":"https:\/\/sefaz.ac.gov.br\/2021\/index.php?rest_route=%2Fwp%2Fv2%2Fmedia&parent=11008"}],"wp:term":[{"taxonomy":"category","embeddable":true,"href":"https:\/\/sefaz.ac.gov.br\/2021\/index.php?rest_route=%2Fwp%2Fv2%2Fcategories&post=11008"},{"taxonomy":"post_tag","embeddable":true,"href":"https:\/\/sefaz.ac.gov.br\/2021\/index.php?rest_route=%2Fwp%2Fv2%2Ftags&post=11008"}],"curies":[{"name":"wp","href":"https:\/\/api.w.org\/{rel}","templated":true}]}}