{"id":11000,"date":"2023-02-24T14:27:54","date_gmt":"2023-02-24T17:27:54","guid":{"rendered":"http:\/\/sefaz.acre.gov.br:80\/2021\/?p=11000"},"modified":"2023-05-25T11:47:57","modified_gmt":"2023-05-25T14:47:57","slug":"portaria-no-275-de-24-de-fevereiro-de-2023","status":"publish","type":"post","link":"https:\/\/sefaz.ac.gov.br\/2021\/?p=11000","title":{"rendered":"PORTARIA N\u00ba 275, DE 24 DE FEVEREIRO DE 2023"},"content":{"rendered":"\n<p class=\"wp-block-paragraph\"><strong>O SECRET\u00c1RIO DE ESTADO DA FAZENDA<\/strong>, no uso de suas atribui\u00e7\u00f5es constitucionais e legais que lhe confere o DECRETO N\u00ba 06-P, DE 1\u00b0 DE JANEIRO DE 2023, publicado no Di\u00e1rio Oficial n.\u00ba 13.443 de 02 de janeiro de 2023.<\/p>\n\n\n\n<p class=\"wp-block-paragraph\"><strong>R E S O L V E:<\/strong><\/p>\n\n\n\n<p class=\"wp-block-paragraph\">Art. 1\u00ba Publicar o Anexo 1 \u2013 Demonstrativo da despesa com Pessoal; Anexo 5 \u2013 Demonstrativo da Disponibilidade de Caixa e dos Restos a Pagar; e, Anexo 6 \u2013 Demonstrativo Simplificado do Relat\u00f3rio de Gest\u00e3o Fiscal, exigido pelo art. 56, da Lei Complementar Federal n\u00b0 101\/2000 &#8211; componentes do Relat\u00f3rio de Gest\u00e3o Fiscal, relativo ao exerc\u00edcio de 2022.<\/p>\n\n\n\n<p class=\"wp-block-paragraph\"><strong>&nbsp;<\/strong>Registre-se, Publique-se e Cumpra-se. Rio Branco-Acre, 24 de fevereiro de 2023.<\/p>\n","protected":false},"excerpt":{"rendered":"<p>Publica os Anexos que comp\u00f5em o Relat\u00f3rio de Gest\u00e3o Fiscal Consolidado, referente ao exerc\u00edcio de 2022.<\/p>\n","protected":false},"author":5,"featured_media":0,"comment_status":"closed","ping_status":"closed","sticky":false,"template":"","format":"standard","meta":{"_acf_changed":false,"footnotes":""},"categories":[3,33],"tags":[59],"class_list":["post-11000","post","type-post","status-publish","format-standard","hentry","category-legislacao","category-portarias","tag-contabilidade-geral"],"acf":[],"_links":{"self":[{"href":"https:\/\/sefaz.ac.gov.br\/2021\/index.php?rest_route=\/wp\/v2\/posts\/11000","targetHints":{"allow":["GET"]}}],"collection":[{"href":"https:\/\/sefaz.ac.gov.br\/2021\/index.php?rest_route=\/wp\/v2\/posts"}],"about":[{"href":"https:\/\/sefaz.ac.gov.br\/2021\/index.php?rest_route=\/wp\/v2\/types\/post"}],"author":[{"embeddable":true,"href":"https:\/\/sefaz.ac.gov.br\/2021\/index.php?rest_route=\/wp\/v2\/users\/5"}],"replies":[{"embeddable":true,"href":"https:\/\/sefaz.ac.gov.br\/2021\/index.php?rest_route=%2Fwp%2Fv2%2Fcomments&post=11000"}],"version-history":[{"count":0,"href":"https:\/\/sefaz.ac.gov.br\/2021\/index.php?rest_route=\/wp\/v2\/posts\/11000\/revisions"}],"wp:attachment":[{"href":"https:\/\/sefaz.ac.gov.br\/2021\/index.php?rest_route=%2Fwp%2Fv2%2Fmedia&parent=11000"}],"wp:term":[{"taxonomy":"category","embeddable":true,"href":"https:\/\/sefaz.ac.gov.br\/2021\/index.php?rest_route=%2Fwp%2Fv2%2Fcategories&post=11000"},{"taxonomy":"post_tag","embeddable":true,"href":"https:\/\/sefaz.ac.gov.br\/2021\/index.php?rest_route=%2Fwp%2Fv2%2Ftags&post=11000"}],"curies":[{"name":"wp","href":"https:\/\/api.w.org\/{rel}","templated":true}]}}